{"id":194,"date":"2019-04-16T12:36:50","date_gmt":"2019-04-16T10:36:50","guid":{"rendered":"http:\/\/kompetenzzentrum-kramer.de\/wordpress\/?p=194"},"modified":"2019-04-23T16:57:29","modified_gmt":"2019-04-23T14:57:29","slug":"mobilitaetshilfen","status":"publish","type":"post","link":"https:\/\/kompetenzzentrum-kramer.de\/wordpress\/mobilitaetshilfen\/","title":{"rendered":"Mobilit\u00e4tshilfen"},"content":{"rendered":"<div class=\"n2-has-copy n2-code n2-ss-slider-shortcode-id\"><\/div>\n<div><div class=\"su-spacer\" style=\"height:50px\"><\/div><\/div>\n<p><span style=\"font-size: 18pt;\">Moderne technische Fortbewegungsm\u00f6glichkeiten<strong><br \/>\n<\/strong><\/span><\/p>\n<hr \/>\n<p><img loading=\"lazy\" class=\"alignleft wp-image-195 size-medium\" src=\"https:\/\/kompetenzzentrum-kramer.de\/wordpress\/wp-content\/uploads\/2019\/04\/DIETZ_Bild_Rollator_TAiMA_MGT-SGT_02-300x216.jpg\" alt=\"\" width=\"300\" height=\"216\" srcset=\"https:\/\/kompetenzzentrum-kramer.de\/wordpress\/wp-content\/uploads\/2019\/04\/DIETZ_Bild_Rollator_TAiMA_MGT-SGT_02-300x216.jpg 300w, https:\/\/kompetenzzentrum-kramer.de\/wordpress\/wp-content\/uploads\/2019\/04\/DIETZ_Bild_Rollator_TAiMA_MGT-SGT_02-768x553.jpg 768w, https:\/\/kompetenzzentrum-kramer.de\/wordpress\/wp-content\/uploads\/2019\/04\/DIETZ_Bild_Rollator_TAiMA_MGT-SGT_02.jpg 1024w\" sizes=\"(max-width: 300px) 100vw, 300px\" \/><\/p>\n<p style=\"text-align: justify;\"><strong>Was sind Mobilit\u00e4tshilfen?<\/strong><\/p>\n<p style=\"text-align: justify;\">Mobilit\u00e4tshilfen sind unverzichtbare Hilfsmittel f\u00fcr Menschen mit Bewegungseinschr\u00e4nkungen durch Krankheit oder durch Behinderung. Sie unterst\u00fctzen und verbessern die Abl\u00e4ufe und schaffen dadurch mehr Unabh\u00e4ngigkeit und Lebensqualit\u00e4t.<\/p>\n<p style=\"text-align: justify;\"><strong>Selbstst\u00e4ndigkeit erhalten im Einklang mit modernen Hilfsmitteln.<br \/>\n<\/strong><\/p>\n<p style=\"text-align: justify;\">Moderne Mobilit\u00e4tshilfen sollen dazu f\u00fchren, dass Grundbed\u00fcrfnisse (aufrichten, fortbewegen) m\u00f6glichst selbstst\u00e4ndig ausgef\u00fchrt werden k\u00f6nnen, sollen f\u00f6rdern und erleichtern. Gemeinsam mit dem Patienten versuchen wir unter Ber\u00fccksichtigung der Bewegungseinschr\u00e4nkung die bestm\u00f6gliche Unterst\u00fctzung und entwickeln in unseren Werkst\u00e4tten moderne Mobilit\u00e4tshilfen.<\/p>\n<p style=\"text-align: justify;\">Wir bieten dazu immer im Interesse unserer Patienten <span style=\"color: #000000;\">die modernsten Techniken und den neusten Entwicklungsstand.<\/span><\/p>\n<p style=\"text-align: justify;\"><strong>Mehr Farbe und Kreativit\u00e4t<\/strong><\/p>\n<p style=\"text-align: justify;\">Wir m\u00f6chten mit unseren modernen und wirkungsvollen Rehamitteln eine Erlebniswelt f\u00fcr Kinder schaffen. Fr\u00f6hlich farbige und kreativ gestaltete Hilfsmittel finden eine gro\u00dfe Wahrnehmung und Akzeptanz bei den Kindern. Das f\u00f6rdert das Selbstbewusstsein und die Lebensqualit\u00e4t!<\/p>\n<p>&nbsp;<\/p>\n<h3><div class=\"well normal\"><strong>Mobilit\u00e4tshilfen im \u00dcberblick<\/strong><\/div><\/h3>\n<h3><strong>\u00a0<\/strong><\/h3>\n<div class=\"su-row\"><div class=\"su-column su-column-size-1-2\"><div class=\"su-column-inner su-u-clearfix su-u-trim\">\n<div class=\"su-list\" style=\"margin-left:0px\">\n<ul>\n<li><img src=\"https:\/\/kompetenzzentrum-kramer.de\/wordpress\/wp-content\/themes\/theme54575\/images\/haken-orange.png\" alt=\"\" \/> Rollst\u00fchle<\/li>\n<li><img src=\"https:\/\/kompetenzzentrum-kramer.de\/wordpress\/wp-content\/themes\/theme54575\/images\/haken-orange.png\" alt=\"\" \/> Sport-Rollst\u00fchle<\/li>\n<li><img src=\"https:\/\/kompetenzzentrum-kramer.de\/wordpress\/wp-content\/themes\/theme54575\/images\/haken-orange.png\" alt=\"\" \/> Handbikes<\/li>\n<li><img src=\"https:\/\/kompetenzzentrum-kramer.de\/wordpress\/wp-content\/themes\/theme54575\/images\/haken-orange.png\" alt=\"\" \/> Rollatoren<\/li>\n<li><img src=\"https:\/\/kompetenzzentrum-kramer.de\/wordpress\/wp-content\/themes\/theme54575\/images\/haken-orange.png\" alt=\"\" \/> Mobile Stehst\u00e4nder<\/li>\n<\/ul>\n<\/div>\n<\/div><\/div> <div class=\"su-column su-column-size-1-2\"><div class=\"su-column-inner su-u-clearfix su-u-trim\">\n<div class=\"su-list\" style=\"margin-left:0px\">\n<ul>\n<li><img src=\"https:\/\/kompetenzzentrum-kramer.de\/wordpress\/wp-content\/themes\/theme54575\/images\/haken-orange.png\" alt=\"\" \/> Elektromobile<\/li>\n<li><img src=\"https:\/\/kompetenzzentrum-kramer.de\/wordpress\/wp-content\/themes\/theme54575\/images\/haken-orange.png\" alt=\"\" \/> Elektro-Rollst\u00fchle<\/li>\n<li><img src=\"https:\/\/kompetenzzentrum-kramer.de\/wordpress\/wp-content\/themes\/theme54575\/images\/haken-orange.png\" alt=\"\" \/> Spezial-Fahrr\u00e4der<\/li>\n<li><img src=\"https:\/\/kompetenzzentrum-kramer.de\/wordpress\/wp-content\/themes\/theme54575\/images\/haken-orange.png\" alt=\"\" \/> Rollstuhlzugger\u00e4te<\/li>\n<li><img src=\"https:\/\/kompetenzzentrum-kramer.de\/wordpress\/wp-content\/themes\/theme54575\/images\/haken-orange.png\" alt=\"\" \/> Restkraftunterst\u00fctzende Antriebe, z. B. E-Motion Antrieb<\/li>\n<\/ul>\n<\/div>\n<\/div><\/div><\/div>\n<div class=\"su-spacer\" style=\"height:20px\"><\/div>\n<p><a href=\"https:\/\/kompetenzzentrum-kramer.de\/wordpress\/kontakt\/\"><img loading=\"lazy\" class=\"aligncenter wp-image-355 size-full\" src=\"https:\/\/kompetenzzentrum-kramer.de\/wordpress\/wp-content\/uploads\/2019\/04\/over17.jpg\" alt=\"\" width=\"800\" height=\"300\" srcset=\"https:\/\/kompetenzzentrum-kramer.de\/wordpress\/wp-content\/uploads\/2019\/04\/over17.jpg 800w, https:\/\/kompetenzzentrum-kramer.de\/wordpress\/wp-content\/uploads\/2019\/04\/over17-300x113.jpg 300w, https:\/\/kompetenzzentrum-kramer.de\/wordpress\/wp-content\/uploads\/2019\/04\/over17-768x288.jpg 768w\" sizes=\"(max-width: 800px) 100vw, 800px\" \/><\/a><\/p>\n<p>&nbsp;<\/p>\n","protected":false},"excerpt":{"rendered":"<p>Moderne technische Fortbewegungsm\u00f6glichkeiten Was sind Mobilit\u00e4tshilfen? Mobilit\u00e4tshilfen sind unverzichtbare Hilfsmittel f\u00fcr Menschen mit Bewegungseinschr\u00e4nkungen durch Krankheit oder durch Behinderung. Sie unterst\u00fctzen und verbessern die Abl\u00e4ufe und schaffen dadurch mehr Unabh\u00e4ngigkeit und Lebensqualit\u00e4t. Selbstst\u00e4ndigkeit erhalten im Einklang mit modernen Hilfsmitteln. Moderne Mobilit\u00e4tshilfen sollen dazu f\u00fchren, dass Grundbed\u00fcrfnisse (aufrichten, fortbewegen) m\u00f6glichst selbstst\u00e4ndig ausgef\u00fchrt werden k\u00f6nnen, sollen f\u00f6rdern und erleichtern. Gemeinsam mit dem&nbsp;<a href=\"https:\/\/kompetenzzentrum-kramer.de\/wordpress\/mobilitaetshilfen\/\" class=\"read-more\">Weiter lesen<\/a><\/p>\n","protected":false},"author":1,"featured_media":0,"comment_status":"closed","ping_status":"closed","sticky":false,"template":"","format":"standard","meta":[],"categories":[5],"tags":[13,12,14,11,17,18,10,16,15],"_links":{"self":[{"href":"https:\/\/kompetenzzentrum-kramer.de\/wordpress\/wp-json\/wp\/v2\/posts\/194"}],"collection":[{"href":"https:\/\/kompetenzzentrum-kramer.de\/wordpress\/wp-json\/wp\/v2\/posts"}],"about":[{"href":"https:\/\/kompetenzzentrum-kramer.de\/wordpress\/wp-json\/wp\/v2\/types\/post"}],"author":[{"embeddable":true,"href":"https:\/\/kompetenzzentrum-kramer.de\/wordpress\/wp-json\/wp\/v2\/users\/1"}],"replies":[{"embeddable":true,"href":"https:\/\/kompetenzzentrum-kramer.de\/wordpress\/wp-json\/wp\/v2\/comments?post=194"}],"version-history":[{"count":9,"href":"https:\/\/kompetenzzentrum-kramer.de\/wordpress\/wp-json\/wp\/v2\/posts\/194\/revisions"}],"predecessor-version":[{"id":457,"href":"https:\/\/kompetenzzentrum-kramer.de\/wordpress\/wp-json\/wp\/v2\/posts\/194\/revisions\/457"}],"wp:attachment":[{"href":"https:\/\/kompetenzzentrum-kramer.de\/wordpress\/wp-json\/wp\/v2\/media?parent=194"}],"wp:term":[{"taxonomy":"category","embeddable":true,"href":"https:\/\/kompetenzzentrum-kramer.de\/wordpress\/wp-json\/wp\/v2\/categories?post=194"},{"taxonomy":"post_tag","embeddable":true,"href":"https:\/\/kompetenzzentrum-kramer.de\/wordpress\/wp-json\/wp\/v2\/tags?post=194"}],"curies":[{"name":"wp","href":"https:\/\/api.w.org\/{rel}","templated":true}]}}