{"id":38,"date":"2019-04-11T08:34:58","date_gmt":"2019-04-11T06:34:58","guid":{"rendered":"http:\/\/kompetenzzentrum-kramer.de\/wordpress\/?p=38"},"modified":"2019-04-24T07:47:26","modified_gmt":"2019-04-24T05:47:26","slug":"rehabilitationstechnik","status":"publish","type":"post","link":"https:\/\/kompetenzzentrum-kramer.de\/wordpress\/rehabilitationstechnik\/","title":{"rendered":"Rehabilitationstechnik"},"content":{"rendered":"<p><span style=\"font-size: 18pt;\">Hilfsmittel zur Rehabilitation \u2013 zur\u00fcck ins normale Leben<\/span><\/p>\n<hr \/>\n<p><img loading=\"lazy\" class=\"alignleft size-medium wp-image-594\" src=\"https:\/\/kompetenzzentrum-kramer.de\/wordpress\/wp-content\/uploads\/2019\/04\/depositphotos_77405106-stock-photo-man-on-wheel-chair-using-300x207.jpg\" alt=\"\" width=\"300\" height=\"207\" srcset=\"https:\/\/kompetenzzentrum-kramer.de\/wordpress\/wp-content\/uploads\/2019\/04\/depositphotos_77405106-stock-photo-man-on-wheel-chair-using-300x207.jpg 300w, https:\/\/kompetenzzentrum-kramer.de\/wordpress\/wp-content\/uploads\/2019\/04\/depositphotos_77405106-stock-photo-man-on-wheel-chair-using-768x529.jpg 768w, https:\/\/kompetenzzentrum-kramer.de\/wordpress\/wp-content\/uploads\/2019\/04\/depositphotos_77405106-stock-photo-man-on-wheel-chair-using.jpg 1023w\" sizes=\"(max-width: 300px) 100vw, 300px\" \/><\/p>\n<p style=\"text-align: justify;\"><strong>Menschlich, hilfsbereit und qualifiziert.<\/strong><\/p>\n<p style=\"text-align: justify;\">Ein H\u00f6chstma\u00df an Mobilit\u00e4t und Sicherheit durch unsere moderne Rehawerkstatt!<\/p>\n<p style=\"text-align: justify;\">Die M\u00f6glichkeiten der modernen Rehabilitations-Technik bieten heute eine ungeheure Vielzahl an n\u00fctzlichen Hilfsmitteln.<\/p>\n<p style=\"text-align: justify;\">Unser Angebot umfasst alle Standards und Individualisierungen nach dem modernsten Stand der Technik und Ihren pers\u00f6nlichen W\u00fcnschen uns gesundheitlichen Bed\u00fcrfnissen.<\/p>\n<p><a href=\"https:\/\/kompetenzzentrum-kramer.de\/wordpress\/kinder-rehabilitation\/\" target=\"_blank\" rel=\"noopener noreferrer\"><img loading=\"lazy\" class=\"alignleft wp-image-151 size-full\" src=\"https:\/\/kompetenzzentrum-kramer.de\/wordpress\/wp-content\/uploads\/2019\/04\/button1.jpg\" alt=\"\" width=\"80\" height=\"30\" \/><\/a> <a href=\"https:\/\/kompetenzzentrum-kramer.de\/wordpress\/individueller-sonderbau\/\" target=\"_blank\" rel=\"noopener noreferrer\"><img loading=\"lazy\" class=\"alignleft wp-image-152 size-full\" src=\"https:\/\/kompetenzzentrum-kramer.de\/wordpress\/wp-content\/uploads\/2019\/04\/button2.jpg\" alt=\"\" width=\"110\" height=\"30\" \/><\/a> <a href=\"https:\/\/kompetenzzentrum-kramer.de\/wordpress\/mobilitaetshilfen\/\" target=\"_blank\" rel=\"noopener noreferrer\"><img loading=\"lazy\" class=\"alignleft wp-image-153 size-full\" src=\"https:\/\/kompetenzzentrum-kramer.de\/wordpress\/wp-content\/uploads\/2019\/04\/button3.jpg\" alt=\"\" width=\"100\" height=\"30\" \/><\/a><\/p>\n<p>&nbsp;<\/p>\n<p>&nbsp;<\/p>\n<h3><div class=\"well normal\"><span style=\"font-size: 14pt;\"><strong>Unsere hochspezialisierte Werkstatt f\u00fchrt kurzfristig Reparaturen durch, um Ihre Mobilit\u00e4t sicherzustellen<\/strong><\/span><\/div><\/h3>\n<div class=\"su-row\"><div class=\"su-column su-column-size-1-2\"><div class=\"su-column-inner su-u-clearfix su-u-trim\">\n<div class=\"su-list\" style=\"margin-left:0px\">\n<ul>\n<li><img src=\"https:\/\/kompetenzzentrum-kramer.de\/wordpress\/wp-content\/themes\/theme54575\/images\/haken-orange.png\" alt=\"\" \/> Kinder- und Rehatechnik: zertifizierter RehaKind-Fachh\u00e4ndler<\/li>\n<li><img src=\"https:\/\/kompetenzzentrum-kramer.de\/wordpress\/wp-content\/themes\/theme54575\/images\/haken-orange.png\" alt=\"\" \/> Buggy\u2019s und Rehakinderwagen<\/li>\n<li><img src=\"https:\/\/kompetenzzentrum-kramer.de\/wordpress\/wp-content\/themes\/theme54575\/images\/haken-orange.png\" alt=\"\" \/> Adaptiv-, Aktiv- und Sportrollst\u00fchle<\/li>\n<li><img src=\"https:\/\/kompetenzzentrum-kramer.de\/wordpress\/wp-content\/themes\/theme54575\/images\/haken-orange.png\" alt=\"\" \/> Handbike Spezialisten (Testbike vorhanden)<\/li>\n<li><img src=\"https:\/\/kompetenzzentrum-kramer.de\/wordpress\/wp-content\/themes\/theme54575\/images\/haken-orange.png\" alt=\"\" \/> Therapie-, Drei- und Schalenr\u00e4der, Sesselfahrr\u00e4der<\/li>\n<li><img src=\"https:\/\/kompetenzzentrum-kramer.de\/wordpress\/wp-content\/themes\/theme54575\/images\/haken-orange.png\" alt=\"\" \/> Arm- und Beinbewegungstrainer<\/li>\n<li><img src=\"https:\/\/kompetenzzentrum-kramer.de\/wordpress\/wp-content\/themes\/theme54575\/images\/haken-orange.png\" alt=\"\" \/> Gehwagen\/Rollatoren<\/li>\n<\/ul>\n<\/div>\n<\/div><\/div> <div class=\"su-column su-column-size-1-2\"><div class=\"su-column-inner su-u-clearfix su-u-trim\">\n<div class=\"su-list\" style=\"margin-left:0px\">\n<ul>\n<li><img src=\"https:\/\/kompetenzzentrum-kramer.de\/wordpress\/wp-content\/themes\/theme54575\/images\/haken-orange.png\" alt=\"\" \/> Stehtrainer; dynamisch und statisch<\/li>\n<li><img src=\"https:\/\/kompetenzzentrum-kramer.de\/wordpress\/wp-content\/themes\/theme54575\/images\/haken-orange.png\" alt=\"\" \/> Elektromobile\/Elektro-Rollst\u00fchle<\/li>\n<li><img src=\"https:\/\/kompetenzzentrum-kramer.de\/wordpress\/wp-content\/themes\/theme54575\/images\/haken-orange.png\" alt=\"\" \/> Jay-Erprobungscenter<\/li>\n<li><img src=\"https:\/\/kompetenzzentrum-kramer.de\/wordpress\/wp-content\/themes\/theme54575\/images\/haken-orange.png\" alt=\"\" \/> Rehatechnik Sonderbau<\/li>\n<li><img src=\"https:\/\/kompetenzzentrum-kramer.de\/wordpress\/wp-content\/themes\/theme54575\/images\/haken-orange.png\" alt=\"\" \/> Sitz- und R\u00fcckenschalensysteme in Sonderanfertigung<\/li>\n<li><img src=\"https:\/\/kompetenzzentrum-kramer.de\/wordpress\/wp-content\/themes\/theme54575\/images\/haken-orange.png\" alt=\"\" \/> Individuelle Sitzdruckmessung f\u00fcr alle Sitzsysteme<\/li>\n<\/ul>\n<\/div>\n<\/div><\/div><\/div>\n<div class=\"su-spacer\" style=\"height:20px\"><\/div>\n<p><a href=\"https:\/\/kompetenzzentrum-kramer.de\/wordpress\/kontakt\/\"><img loading=\"lazy\" class=\"aligncenter wp-image-296 size-full\" src=\"https:\/\/kompetenzzentrum-kramer.de\/wordpress\/wp-content\/uploads\/2019\/04\/over14.jpg\" alt=\"\" width=\"800\" height=\"300\" srcset=\"https:\/\/kompetenzzentrum-kramer.de\/wordpress\/wp-content\/uploads\/2019\/04\/over14.jpg 800w, https:\/\/kompetenzzentrum-kramer.de\/wordpress\/wp-content\/uploads\/2019\/04\/over14-300x113.jpg 300w, https:\/\/kompetenzzentrum-kramer.de\/wordpress\/wp-content\/uploads\/2019\/04\/over14-768x288.jpg 768w\" sizes=\"(max-width: 800px) 100vw, 800px\" \/><\/a><\/p>\n<p>&nbsp;<\/p>\n","protected":false},"excerpt":{"rendered":"<p>Hilfsmittel zur Rehabilitation \u2013 zur\u00fcck ins normale Leben Menschlich, hilfsbereit und qualifiziert. Ein H\u00f6chstma\u00df an Mobilit\u00e4t und Sicherheit durch unsere moderne Rehawerkstatt! Die M\u00f6glichkeiten der modernen Rehabilitations-Technik bieten heute eine ungeheure Vielzahl an n\u00fctzlichen Hilfsmitteln. Unser Angebot umfasst alle Standards und Individualisierungen nach dem modernsten Stand der Technik und Ihren pers\u00f6nlichen W\u00fcnschen uns gesundheitlichen Bed\u00fcrfnissen. &nbsp; &nbsp; &nbsp;<\/p>\n","protected":false},"author":1,"featured_media":560,"comment_status":"closed","ping_status":"closed","sticky":false,"template":"","format":"standard","meta":[],"categories":[5],"tags":[90,11,85,87,10,26,6,88,92,86,91,93,19,89],"_links":{"self":[{"href":"https:\/\/kompetenzzentrum-kramer.de\/wordpress\/wp-json\/wp\/v2\/posts\/38"}],"collection":[{"href":"https:\/\/kompetenzzentrum-kramer.de\/wordpress\/wp-json\/wp\/v2\/posts"}],"about":[{"href":"https:\/\/kompetenzzentrum-kramer.de\/wordpress\/wp-json\/wp\/v2\/types\/post"}],"author":[{"embeddable":true,"href":"https:\/\/kompetenzzentrum-kramer.de\/wordpress\/wp-json\/wp\/v2\/users\/1"}],"replies":[{"embeddable":true,"href":"https:\/\/kompetenzzentrum-kramer.de\/wordpress\/wp-json\/wp\/v2\/comments?post=38"}],"version-history":[{"count":20,"href":"https:\/\/kompetenzzentrum-kramer.de\/wordpress\/wp-json\/wp\/v2\/posts\/38\/revisions"}],"predecessor-version":[{"id":595,"href":"https:\/\/kompetenzzentrum-kramer.de\/wordpress\/wp-json\/wp\/v2\/posts\/38\/revisions\/595"}],"wp:featuredmedia":[{"embeddable":true,"href":"https:\/\/kompetenzzentrum-kramer.de\/wordpress\/wp-json\/wp\/v2\/media\/560"}],"wp:attachment":[{"href":"https:\/\/kompetenzzentrum-kramer.de\/wordpress\/wp-json\/wp\/v2\/media?parent=38"}],"wp:term":[{"taxonomy":"category","embeddable":true,"href":"https:\/\/kompetenzzentrum-kramer.de\/wordpress\/wp-json\/wp\/v2\/categories?post=38"},{"taxonomy":"post_tag","embeddable":true,"href":"https:\/\/kompetenzzentrum-kramer.de\/wordpress\/wp-json\/wp\/v2\/tags?post=38"}],"curies":[{"name":"wp","href":"https:\/\/api.w.org\/{rel}","templated":true}]}}