{"id":39,"date":"2019-04-11T08:35:30","date_gmt":"2019-04-11T06:35:30","guid":{"rendered":"http:\/\/kompetenzzentrum-kramer.de\/wordpress\/?p=39"},"modified":"2019-04-24T10:47:18","modified_gmt":"2019-04-24T08:47:18","slug":"sanitaetsfachgeschaeft","status":"publish","type":"post","link":"https:\/\/kompetenzzentrum-kramer.de\/wordpress\/sanitaetsfachgeschaeft\/","title":{"rendered":"Sanit\u00e4tsfachgesch\u00e4ft"},"content":{"rendered":"\n<div class=\"su-spacer\" style=\"height:30px\"><\/div>\n<p><span style=\"font-size: 18pt;\">Kompetenter Rundum-Service f\u00fcr Ihre Gesundheit<\/span><\/p>\n<hr \/>\n<p><strong><img loading=\"lazy\" class=\"alignleft wp-image-202 size-medium\" src=\"https:\/\/kompetenzzentrum-kramer.de\/wordpress\/wp-content\/uploads\/2019\/04\/N9R2110_300_dpi-300x200.jpg\" alt=\"\" width=\"300\" height=\"200\" srcset=\"https:\/\/kompetenzzentrum-kramer.de\/wordpress\/wp-content\/uploads\/2019\/04\/N9R2110_300_dpi-300x200.jpg 300w, https:\/\/kompetenzzentrum-kramer.de\/wordpress\/wp-content\/uploads\/2019\/04\/N9R2110_300_dpi-768x512.jpg 768w, https:\/\/kompetenzzentrum-kramer.de\/wordpress\/wp-content\/uploads\/2019\/04\/N9R2110_300_dpi-1024x683.jpg 1024w\" sizes=\"(max-width: 300px) 100vw, 300px\" \/><\/strong><\/p>\n<p style=\"text-align: justify;\">Egal, um welches Produkt es sich konkret handelt, stets bieten wir Ihnen ein Optimum an Qualit\u00e4t, Service und Fachkompetenz. Dabei steht die pers\u00f6nliche und ausf\u00fchrliche Beratung unserer Patienten nat\u00fcrlich immer im Vordergrund.<\/p>\n<p style=\"text-align: justify;\">Im Gespr\u00e4ch ermitteln unsere Experten Ihren individuellen Bedarf anhand von detaillierten Fachkenntnissen und modernste Analyseverfahren. Immer mit dem Ziel: die Lebensqualit\u00e4t unserer Kunden zu verbessern.<\/p>\n<p style=\"text-align: justify;\">Wir halten eine Vielzahl von Produkten vor, sodass wir sofort oder sp\u00e4testens innerhalb von 48 Stunden direkt liefern k\u00f6nnen.<\/p>\n<div class=\"su-spacer\" style=\"height:25px\"><\/div>\n<h3><span style=\"font-size: 14pt;\"><div class=\"well normal\"><strong>Ein kleiner Auszug aus unserem Angebot:<\/strong><\/div><\/span><\/h3>\n<div class=\"su-spacer\" style=\"height:25px\"><\/div>\n<div class=\"su-row\"><div class=\"su-column su-column-size-1-3\"><div class=\"su-column-inner su-u-clearfix su-u-trim\">\n<div class=\"su-list\" style=\"margin-left:0px\">\n<p><strong>Kompressionsstrumpfversorgung<\/strong><\/p>\n<ul>\n<li><img src=\"https:\/\/kompetenzzentrum-kramer.de\/wordpress\/wp-content\/themes\/theme54575\/images\/haken-orange.png\" alt=\"\" \/> Venenversorgung<\/li>\n<li><img src=\"https:\/\/kompetenzzentrum-kramer.de\/wordpress\/wp-content\/themes\/theme54575\/images\/haken-orange.png\" alt=\"\" \/> Lip- und Lymph\u00f6demversorgung<\/li>\n<li><img src=\"https:\/\/kompetenzzentrum-kramer.de\/wordpress\/wp-content\/themes\/theme54575\/images\/haken-orange.png\" alt=\"\" \/> Narbenkompressions- und Verbrennungstherapie<\/li>\n<\/ul>\n<\/div>\n<\/div><\/div> <div class=\"su-column su-column-size-1-3\"><div class=\"su-column-inner su-u-clearfix su-u-trim\">\n<div class=\"su-list\" style=\"margin-left:0px\">\n<p><strong>Brustepithesen<\/strong><\/p>\n<ul>\n<li><img src=\"https:\/\/kompetenzzentrum-kramer.de\/wordpress\/wp-content\/themes\/theme54575\/images\/haken-orange.png\" alt=\"\" \/> Ausgleichsepithesen<\/li>\n<li><img src=\"https:\/\/kompetenzzentrum-kramer.de\/wordpress\/wp-content\/themes\/theme54575\/images\/haken-orange.png\" alt=\"\" \/> Brustepithesen<\/li>\n<li><img src=\"https:\/\/kompetenzzentrum-kramer.de\/wordpress\/wp-content\/themes\/theme54575\/images\/haken-orange.png\" alt=\"\" \/> Spezial-BHs<\/li>\n<li><img src=\"https:\/\/kompetenzzentrum-kramer.de\/wordpress\/wp-content\/themes\/theme54575\/images\/haken-orange.png\" alt=\"\" \/> Spezial-Bademode<\/li>\n<\/ul>\n<\/div>\n<\/div><\/div> <div class=\"su-column su-column-size-1-3\"><div class=\"su-column-inner su-u-clearfix su-u-trim\">\n<div class=\"su-list\" style=\"margin-left:0px\">\n<p><strong>Bandagen neuster Generation<\/strong><\/p>\n<ul>\n<li><img src=\"https:\/\/kompetenzzentrum-kramer.de\/wordpress\/wp-content\/themes\/theme54575\/images\/haken-orange.png\" alt=\"\" \/> Rumpfst\u00fctzmieder nach Ma\u00df<\/li>\n<li><img src=\"https:\/\/kompetenzzentrum-kramer.de\/wordpress\/wp-content\/themes\/theme54575\/images\/haken-orange.png\" alt=\"\" \/> St\u00fctzmieder nach Ma\u00df<\/li>\n<li><img src=\"https:\/\/kompetenzzentrum-kramer.de\/wordpress\/wp-content\/themes\/theme54575\/images\/haken-orange.png\" alt=\"\" \/> Verbandschuhe<\/li>\n<li><img src=\"https:\/\/kompetenzzentrum-kramer.de\/wordpress\/wp-content\/themes\/theme54575\/images\/haken-orange.png\" alt=\"\" \/> Therapiemittel f\u00fcr Fitness und Gesundheit<\/li>\n<\/ul>\n<\/div>\n<\/div><\/div><\/div>\n<div class=\"su-spacer\" style=\"height:40px\"><\/div>\n<p><a href=\"https:\/\/kompetenzzentrum-kramer.de\/wordpress\/kontakt\/\"><img loading=\"lazy\" class=\"aligncenter wp-image-159 size-full\" src=\"https:\/\/kompetenzzentrum-kramer.de\/wordpress\/wp-content\/uploads\/2019\/04\/over12.jpg\" alt=\"\" width=\"800\" height=\"300\" srcset=\"https:\/\/kompetenzzentrum-kramer.de\/wordpress\/wp-content\/uploads\/2019\/04\/over12.jpg 800w, https:\/\/kompetenzzentrum-kramer.de\/wordpress\/wp-content\/uploads\/2019\/04\/over12-300x113.jpg 300w, https:\/\/kompetenzzentrum-kramer.de\/wordpress\/wp-content\/uploads\/2019\/04\/over12-768x288.jpg 768w\" sizes=\"(max-width: 800px) 100vw, 800px\" \/><\/a><\/p>\n","protected":false},"excerpt":{"rendered":"<p>Kompetenter Rundum-Service f\u00fcr Ihre Gesundheit Egal, um welches Produkt es sich konkret handelt, stets bieten wir Ihnen ein Optimum an Qualit\u00e4t, Service und Fachkompetenz. Dabei steht die pers\u00f6nliche und ausf\u00fchrliche Beratung unserer Patienten nat\u00fcrlich immer im Vordergrund. Im Gespr\u00e4ch ermitteln unsere Experten Ihren individuellen Bedarf anhand von detaillierten Fachkenntnissen und modernste Analyseverfahren. Immer mit dem Ziel: die Lebensqualit\u00e4t unserer Kunden&nbsp;<a href=\"https:\/\/kompetenzzentrum-kramer.de\/wordpress\/sanitaetsfachgeschaeft\/\" class=\"read-more\">Weiter lesen<\/a><\/p>\n","protected":false},"author":1,"featured_media":0,"comment_status":"closed","ping_status":"closed","sticky":false,"template":"","format":"standard","meta":[],"categories":[7],"tags":[78,49,77,80,79,75,74,82,8,81,83,73,84,76],"_links":{"self":[{"href":"https:\/\/kompetenzzentrum-kramer.de\/wordpress\/wp-json\/wp\/v2\/posts\/39"}],"collection":[{"href":"https:\/\/kompetenzzentrum-kramer.de\/wordpress\/wp-json\/wp\/v2\/posts"}],"about":[{"href":"https:\/\/kompetenzzentrum-kramer.de\/wordpress\/wp-json\/wp\/v2\/types\/post"}],"author":[{"embeddable":true,"href":"https:\/\/kompetenzzentrum-kramer.de\/wordpress\/wp-json\/wp\/v2\/users\/1"}],"replies":[{"embeddable":true,"href":"https:\/\/kompetenzzentrum-kramer.de\/wordpress\/wp-json\/wp\/v2\/comments?post=39"}],"version-history":[{"count":18,"href":"https:\/\/kompetenzzentrum-kramer.de\/wordpress\/wp-json\/wp\/v2\/posts\/39\/revisions"}],"predecessor-version":[{"id":607,"href":"https:\/\/kompetenzzentrum-kramer.de\/wordpress\/wp-json\/wp\/v2\/posts\/39\/revisions\/607"}],"wp:attachment":[{"href":"https:\/\/kompetenzzentrum-kramer.de\/wordpress\/wp-json\/wp\/v2\/media?parent=39"}],"wp:term":[{"taxonomy":"category","embeddable":true,"href":"https:\/\/kompetenzzentrum-kramer.de\/wordpress\/wp-json\/wp\/v2\/categories?post=39"},{"taxonomy":"post_tag","embeddable":true,"href":"https:\/\/kompetenzzentrum-kramer.de\/wordpress\/wp-json\/wp\/v2\/tags?post=39"}],"curies":[{"name":"wp","href":"https:\/\/api.w.org\/{rel}","templated":true}]}}